{"id":784,"date":"2020-04-03T12:46:39","date_gmt":"2020-04-03T10:46:39","guid":{"rendered":"http:\/\/montreuilsloir.fr\/?p=784"},"modified":"2020-04-16T08:28:00","modified_gmt":"2020-04-16T06:28:00","slug":"collectes-de-dechets-pendant-le-confinement","status":"publish","type":"post","link":"https:\/\/montreuilsloir.fr\/index.php\/2020\/04\/03\/collectes-de-dechets-pendant-le-confinement\/","title":{"rendered":"Collectes de d\u00e9chets pendant le confinement"},"content":{"rendered":"\n<p>Voici un point d&rsquo;informations concernant les collectes de d\u00e9chets pendant le\nconfinement : &nbsp;<\/p>\n\n\n\n<h4 class=\"wp-block-heading\"><strong>COLLECTE EN PORTE-A-PORTE<\/strong><\/h4>\n\n\n\n<p>La\ncollecte des ordures m\u00e9nag\u00e8res et des recyclables (conteneur jaune) continue\nd\u2019\u00eatre assur\u00e9e sur tout le territoire dans les conditions habituelles.<\/p>\n\n\n\n<p>Les\nusagers doivent donc pr\u00e9senter leurs conteneurs la veille comme d&rsquo;habitude,\nbien ferm\u00e9s et ouverture du couvercle c\u00f4t\u00e9 rue et les laisser sortis en\nattendant le passage du camion.<\/p>\n\n\n\n<p>Il\nest demand\u00e9 aux usagers de mettre syst\u00e9matiquement les ordures m\u00e9nag\u00e8res dans\ndes sac herm\u00e9tiques et ferm\u00e9s avant de les d\u00e9poser dans leur conteneur. Les\nmouchoirs, masques et gants usag\u00e9s ne doivent en aucun cas \u00eatre jet\u00e9s dans le\nconteneur jaune.<\/p>\n\n\n\n<p><strong>Une info sur la collecte est quotidiennement mise \u00e0 jour sur le <a href=\"http:\/\/www.sictomls.fr\/\" target=\"_blank\" rel=\"noreferrer noopener\" aria-label=\"site internet du SICTOM (s\u2019ouvre dans un nouvel onglet)\">site internet du SICTOM<\/a> .<\/strong><\/p>\n\n\n\n<h4 class=\"wp-block-heading\"><strong>COLLECTE EN APPORT VOLONTAIRE<\/strong><\/h4>\n\n\n\n<p>Les\npoints d\u2019apport volontaire (verre, ordures m\u00e9nag\u00e8res et emballages\/papiers)\nsont toujours collect\u00e9s.<\/p>\n\n\n\n<h4 class=\"wp-block-heading\"><strong>D\u00c9CH\u00c8TERIES<\/strong><\/h4>\n\n\n\n<p>Les\nd\u00e9ch\u00e8teries sont ferm\u00e9es jusqu&rsquo;\u00e0 nouvel ordre.<\/p>\n\n\n\n<p>Les\nprofessionnels&nbsp;ont acc\u00e8s \u00e0 la d\u00e9ch\u00e8terie professionnelle Brangeon de\nTierc\u00e9&nbsp;<em>:<\/em>&nbsp;<a href=\"https:\/\/www.brangeon.fr\/actu\/coronavirus-groupe-brangeon\/\" target=\"_blank\" rel=\"noreferrer noopener\">https:\/\/www.brangeon.fr\/actu\/coronavirus-groupe-brangeon\/<\/a><\/p>\n","protected":false},"excerpt":{"rendered":"<p>Voici un point d&rsquo;informations concernant les collectes de d\u00e9chets pendant le confinement : &nbsp; COLLECTE EN PORTE-A-PORTE La collecte des ordures m\u00e9nag\u00e8res et des recyclables (conteneur jaune) continue d\u2019\u00eatre assur\u00e9e <a class=\"more-link\" href=\"https:\/\/montreuilsloir.fr\/index.php\/2020\/04\/03\/collectes-de-dechets-pendant-le-confinement\/\">Lire plus &#8230;<\/a><\/p>\n","protected":false},"author":3,"featured_media":0,"comment_status":"closed","ping_status":"closed","sticky":false,"template":"","format":"standard","meta":{"footnotes":""},"categories":[12],"tags":[],"class_list":["post-784","post","type-post","status-publish","format-standard","hentry","category-actualite"],"_links":{"self":[{"href":"https:\/\/montreuilsloir.fr\/index.php\/wp-json\/wp\/v2\/posts\/784","targetHints":{"allow":["GET"]}}],"collection":[{"href":"https:\/\/montreuilsloir.fr\/index.php\/wp-json\/wp\/v2\/posts"}],"about":[{"href":"https:\/\/montreuilsloir.fr\/index.php\/wp-json\/wp\/v2\/types\/post"}],"author":[{"embeddable":true,"href":"https:\/\/montreuilsloir.fr\/index.php\/wp-json\/wp\/v2\/users\/3"}],"replies":[{"embeddable":true,"href":"https:\/\/montreuilsloir.fr\/index.php\/wp-json\/wp\/v2\/comments?post=784"}],"version-history":[{"count":1,"href":"https:\/\/montreuilsloir.fr\/index.php\/wp-json\/wp\/v2\/posts\/784\/revisions"}],"predecessor-version":[{"id":786,"href":"https:\/\/montreuilsloir.fr\/index.php\/wp-json\/wp\/v2\/posts\/784\/revisions\/786"}],"wp:attachment":[{"href":"https:\/\/montreuilsloir.fr\/index.php\/wp-json\/wp\/v2\/media?parent=784"}],"wp:term":[{"taxonomy":"category","embeddable":true,"href":"https:\/\/montreuilsloir.fr\/index.php\/wp-json\/wp\/v2\/categories?post=784"},{"taxonomy":"post_tag","embeddable":true,"href":"https:\/\/montreuilsloir.fr\/index.php\/wp-json\/wp\/v2\/tags?post=784"}],"curies":[{"name":"wp","href":"https:\/\/api.w.org\/{rel}","templated":true}]}}