{"id":4058,"date":"2026-01-26T09:36:45","date_gmt":"2026-01-26T08:36:45","guid":{"rendered":"https:\/\/montreuilsloir.fr\/?p=4058"},"modified":"2026-01-26T09:36:45","modified_gmt":"2026-01-26T08:36:45","slug":"comite-des-fetes","status":"publish","type":"post","link":"https:\/\/montreuilsloir.fr\/index.php\/2026\/01\/26\/comite-des-fetes\/","title":{"rendered":"COMITE DES FETES"},"content":{"rendered":"\n<p><\/p>\n\n\n\n<p>Le 23 Janvier le Comit\u00e9 des F\u00eates s\u2019est r\u00e9uni \u00e0 la Salle Communale, apr\u00e8s avoir sollicit\u00e9 les habitants de Montreuil, pour d\u2019une part le bilan annuel 2025 et d\u2019autre part pour laisser les r\u00eanes \u00e0 une autre \u00e9quipe.<\/p>\n\n\n\n<p>A cette rencontre, seules 13 personnes \u00e9taient pr\u00e9sentent dont 3 de la m\u00eame famille.<\/p>\n\n\n\n<p>Nous avons donc d\u00e9cid\u00e9 de mettre l\u2019association du Comit\u00e9 des F\u00eates en repos.<\/p>\n\n\n\n<p>Plus aucune manifestation ne sera organis\u00e9e par l\u2019\u00e9quipe en place en 2026.<\/p>\n\n\n\n<p>Si toutefois quelques uns veulent reprendre le flambeau, nous leur demandons de se rapprocher de Monsieur Didier GALLET.<\/p>\n\n\n\n<p>Les Membres du Comit\u00e9 des F\u00eates de Montreuil sur Loir<\/p>\n\n\n\n<p><\/p>\n","protected":false},"excerpt":{"rendered":"<p>Le 23 Janvier le Comit\u00e9 des F\u00eates s\u2019est r\u00e9uni \u00e0 la Salle Communale, apr\u00e8s avoir sollicit\u00e9 les habitants de Montreuil, pour d\u2019une part le bilan annuel 2025 et d\u2019autre part <a class=\"more-link\" href=\"https:\/\/montreuilsloir.fr\/index.php\/2026\/01\/26\/comite-des-fetes\/\">Lire plus &#8230;<\/a><\/p>\n","protected":false},"author":3,"featured_media":0,"comment_status":"closed","ping_status":"closed","sticky":false,"template":"","format":"standard","meta":{"footnotes":""},"categories":[12],"tags":[],"class_list":["post-4058","post","type-post","status-publish","format-standard","hentry","category-actualite"],"_links":{"self":[{"href":"https:\/\/montreuilsloir.fr\/index.php\/wp-json\/wp\/v2\/posts\/4058","targetHints":{"allow":["GET"]}}],"collection":[{"href":"https:\/\/montreuilsloir.fr\/index.php\/wp-json\/wp\/v2\/posts"}],"about":[{"href":"https:\/\/montreuilsloir.fr\/index.php\/wp-json\/wp\/v2\/types\/post"}],"author":[{"embeddable":true,"href":"https:\/\/montreuilsloir.fr\/index.php\/wp-json\/wp\/v2\/users\/3"}],"replies":[{"embeddable":true,"href":"https:\/\/montreuilsloir.fr\/index.php\/wp-json\/wp\/v2\/comments?post=4058"}],"version-history":[{"count":1,"href":"https:\/\/montreuilsloir.fr\/index.php\/wp-json\/wp\/v2\/posts\/4058\/revisions"}],"predecessor-version":[{"id":4059,"href":"https:\/\/montreuilsloir.fr\/index.php\/wp-json\/wp\/v2\/posts\/4058\/revisions\/4059"}],"wp:attachment":[{"href":"https:\/\/montreuilsloir.fr\/index.php\/wp-json\/wp\/v2\/media?parent=4058"}],"wp:term":[{"taxonomy":"category","embeddable":true,"href":"https:\/\/montreuilsloir.fr\/index.php\/wp-json\/wp\/v2\/categories?post=4058"},{"taxonomy":"post_tag","embeddable":true,"href":"https:\/\/montreuilsloir.fr\/index.php\/wp-json\/wp\/v2\/tags?post=4058"}],"curies":[{"name":"wp","href":"https:\/\/api.w.org\/{rel}","templated":true}]}}