{"id":3943,"date":"2025-04-22T16:09:41","date_gmt":"2025-04-22T14:09:41","guid":{"rendered":"https:\/\/montreuilsloir.fr\/?p=3943"},"modified":"2025-04-22T16:09:43","modified_gmt":"2025-04-22T14:09:43","slug":"ceremonie-du-8-mai","status":"publish","type":"post","link":"https:\/\/montreuilsloir.fr\/index.php\/2025\/04\/22\/ceremonie-du-8-mai\/","title":{"rendered":"C\u00e9r\u00e9monie du 8 Mai"},"content":{"rendered":"\n<p><\/p>\n\n\n\n<p>Vous \u00eates convi\u00e9s \u00e0 la C\u00e9r\u00e9monie du 08 Mai qui se d\u00e9roulera au Monument aux Morts, place de l\u2019\u00e9glise, \u00e0 11h00 le Jeudi 08 mai 2025.<\/p>\n\n\n\n<p><\/p>\n","protected":false},"excerpt":{"rendered":"<p>Vous \u00eates convi\u00e9s \u00e0 la C\u00e9r\u00e9monie du 08 Mai qui se d\u00e9roulera au Monument aux Morts, place de l\u2019\u00e9glise, \u00e0 11h00 le Jeudi 08 mai 2025.<\/p>\n","protected":false},"author":3,"featured_media":0,"comment_status":"closed","ping_status":"closed","sticky":false,"template":"","format":"standard","meta":{"footnotes":""},"categories":[12],"tags":[],"class_list":["post-3943","post","type-post","status-publish","format-standard","hentry","category-actualite"],"_links":{"self":[{"href":"https:\/\/montreuilsloir.fr\/index.php\/wp-json\/wp\/v2\/posts\/3943","targetHints":{"allow":["GET"]}}],"collection":[{"href":"https:\/\/montreuilsloir.fr\/index.php\/wp-json\/wp\/v2\/posts"}],"about":[{"href":"https:\/\/montreuilsloir.fr\/index.php\/wp-json\/wp\/v2\/types\/post"}],"author":[{"embeddable":true,"href":"https:\/\/montreuilsloir.fr\/index.php\/wp-json\/wp\/v2\/users\/3"}],"replies":[{"embeddable":true,"href":"https:\/\/montreuilsloir.fr\/index.php\/wp-json\/wp\/v2\/comments?post=3943"}],"version-history":[{"count":1,"href":"https:\/\/montreuilsloir.fr\/index.php\/wp-json\/wp\/v2\/posts\/3943\/revisions"}],"predecessor-version":[{"id":3944,"href":"https:\/\/montreuilsloir.fr\/index.php\/wp-json\/wp\/v2\/posts\/3943\/revisions\/3944"}],"wp:attachment":[{"href":"https:\/\/montreuilsloir.fr\/index.php\/wp-json\/wp\/v2\/media?parent=3943"}],"wp:term":[{"taxonomy":"category","embeddable":true,"href":"https:\/\/montreuilsloir.fr\/index.php\/wp-json\/wp\/v2\/categories?post=3943"},{"taxonomy":"post_tag","embeddable":true,"href":"https:\/\/montreuilsloir.fr\/index.php\/wp-json\/wp\/v2\/tags?post=3943"}],"curies":[{"name":"wp","href":"https:\/\/api.w.org\/{rel}","templated":true}]}}