{"id":3490,"date":"2023-10-02T10:26:08","date_gmt":"2023-10-02T08:26:08","guid":{"rendered":"https:\/\/montreuilsloir.fr\/?p=3490"},"modified":"2023-10-02T10:26:10","modified_gmt":"2023-10-02T08:26:10","slug":"notification-de-non-reconnaissance-de-letat-de-catastrophe-naturelle","status":"publish","type":"post","link":"https:\/\/montreuilsloir.fr\/index.php\/2023\/10\/02\/notification-de-non-reconnaissance-de-letat-de-catastrophe-naturelle\/","title":{"rendered":"Notification de non reconnaissance de l&rsquo;\u00e9tat de catastrophe naturelle"},"content":{"rendered":"\n<p>la demande, pour la commune de Montreuil, de reconnaissance de l&rsquo;\u00e9tat de catastrophe naturelle pour le ph\u00e9nom\u00e8ne s\u00e9cheresse <strong>n&rsquo;a pas \u00e9t\u00e9 reconnue par arr\u00eat\u00e9 du 23 juillet 2023<\/strong>.<\/p>\n\n\n\n<p>parution au journal officiel du 26 septembre 2023 (cf arr\u00eat\u00e9 ci-joint).<\/p>\n\n\n\n<p><a href=\"https:\/\/montreuilsloir.fr\/wp-content\/uploads\/2023\/10\/JO.pdf\" data-type=\"link\" data-id=\"https:\/\/montreuilsloir.fr\/wp-content\/uploads\/2023\/10\/JO.pdf\">https:\/\/montreuilsloir.fr\/wp-content\/uploads\/2023\/10\/JO.pdf<\/a><\/p>\n","protected":false},"excerpt":{"rendered":"<p>la demande, pour la commune de Montreuil, de reconnaissance de l&rsquo;\u00e9tat de catastrophe naturelle pour le ph\u00e9nom\u00e8ne s\u00e9cheresse n&rsquo;a pas \u00e9t\u00e9 reconnue par arr\u00eat\u00e9 du 23 juillet 2023. parution au <a class=\"more-link\" href=\"https:\/\/montreuilsloir.fr\/index.php\/2023\/10\/02\/notification-de-non-reconnaissance-de-letat-de-catastrophe-naturelle\/\">Lire plus &#8230;<\/a><\/p>\n","protected":false},"author":3,"featured_media":0,"comment_status":"closed","ping_status":"closed","sticky":false,"template":"","format":"standard","meta":{"footnotes":""},"categories":[12],"tags":[],"class_list":["post-3490","post","type-post","status-publish","format-standard","hentry","category-actualite"],"_links":{"self":[{"href":"https:\/\/montreuilsloir.fr\/index.php\/wp-json\/wp\/v2\/posts\/3490","targetHints":{"allow":["GET"]}}],"collection":[{"href":"https:\/\/montreuilsloir.fr\/index.php\/wp-json\/wp\/v2\/posts"}],"about":[{"href":"https:\/\/montreuilsloir.fr\/index.php\/wp-json\/wp\/v2\/types\/post"}],"author":[{"embeddable":true,"href":"https:\/\/montreuilsloir.fr\/index.php\/wp-json\/wp\/v2\/users\/3"}],"replies":[{"embeddable":true,"href":"https:\/\/montreuilsloir.fr\/index.php\/wp-json\/wp\/v2\/comments?post=3490"}],"version-history":[{"count":1,"href":"https:\/\/montreuilsloir.fr\/index.php\/wp-json\/wp\/v2\/posts\/3490\/revisions"}],"predecessor-version":[{"id":3492,"href":"https:\/\/montreuilsloir.fr\/index.php\/wp-json\/wp\/v2\/posts\/3490\/revisions\/3492"}],"wp:attachment":[{"href":"https:\/\/montreuilsloir.fr\/index.php\/wp-json\/wp\/v2\/media?parent=3490"}],"wp:term":[{"taxonomy":"category","embeddable":true,"href":"https:\/\/montreuilsloir.fr\/index.php\/wp-json\/wp\/v2\/categories?post=3490"},{"taxonomy":"post_tag","embeddable":true,"href":"https:\/\/montreuilsloir.fr\/index.php\/wp-json\/wp\/v2\/tags?post=3490"}],"curies":[{"name":"wp","href":"https:\/\/api.w.org\/{rel}","templated":true}]}}