{"id":3486,"date":"2023-10-02T10:15:12","date_gmt":"2023-10-02T08:15:12","guid":{"rendered":"https:\/\/montreuilsloir.fr\/?p=3486"},"modified":"2023-10-02T10:15:13","modified_gmt":"2023-10-02T08:15:13","slug":"interruption-des-permanences-du-france-services-itinerant-lors-des-journees-portes-ouvertes-france-services-et-de-la-semaine-bleu","status":"publish","type":"post","link":"https:\/\/montreuilsloir.fr\/index.php\/2023\/10\/02\/interruption-des-permanences-du-france-services-itinerant-lors-des-journees-portes-ouvertes-france-services-et-de-la-semaine-bleu\/","title":{"rendered":"Interruption des permanences du France Services Itin\u00e9rant lors des Journ\u00e9es Portes Ouvertes France Services et de la semaine bleu"},"content":{"rendered":"\n<p>Dans le cadre des Journ\u00e9es Portes Ouvertes France Services et de la semaine bleue, le planning du France Services Itin\u00e9rant se trouve interrompu.<\/p>\n\n\n\n<p>En effet, diff\u00e9rentes actions sont pr\u00e9vues en pr\u00e9sence du France Services Itin\u00e9rant, certaines de vos communes sont impact\u00e9es par ces programmations :<\/p>\n\n\n\n<p>&nbsp;&nbsp;&nbsp;&#8211; Mardi 3 octobre apr\u00e8s midi : Forum du bien vieillir \u00e0 Durtal, nous ne pourrons pas \u00eatre pr\u00e9sent sur la commune de la Chapelle st Laud et de Marc\u00e9,<\/p>\n\n\n\n<p>&nbsp;&nbsp;&nbsp;&#8211; Mercredi 4 octobre matin : Intervention du service Infos Jeunes au Coll\u00e8ge de Seiches, nous ne pourrons pas \u00eatre pr\u00e9sent sur la commune de Sermaise, Chaumont d&rsquo;Anjou et Lu\u00e9 en Baugeois,<\/p>\n\n\n\n<p>&nbsp;&nbsp;&nbsp;&#8211; Jeudi 5 octobre <strong>:&nbsp;<\/strong>Journ\u00e9e s\u00e9curit\u00e9 routi\u00e8re : bien vieillir au volant&nbsp;\u00e0 la salle Villa Cipia \u00e0 Seiches-sur-le-loir , nous ne pourrons pas \u00eatre pr\u00e9sent sur le march\u00e9 de Seiches et sur la commune de Montreuil,<\/p>\n\n\n\n<p>&nbsp;&nbsp;&nbsp;&#8211; Lundi 9 octobre : Inauguration du France Services Itin\u00e9rant \u00e0 Durtal, nous ne pourrons pas \u00eatre pr\u00e9sent sur la commune de Cheffes et d&rsquo;Etrich\u00e9.<\/p>\n\n\n\n<p>Vous trouvez ci-dessous le lien de la programmation compl\u00e8te des Journ\u00e9es Portes Ouvertes&nbsp; :<\/p>\n\n\n\n<p><a href=\"https:\/\/www.ccals.fr\/actualites\/journees-nationales-france-services\/\">https:\/\/www.ccals.fr\/actualites\/journees-nationales-france-services\/<\/a><\/p>\n\n\n\n<p>ainsi qu&rsquo;en pi\u00e8ce jointe la programmation de la semaine bleue et ci-dessous le lien pour la journ\u00e9e s\u00e9curit\u00e9 routi\u00e8re :<\/p>\n\n\n\n<p><a href=\"https:\/\/www.ccals.fr\/actualites\/journee-prevention-routiere\/\">https:\/\/www.ccals.fr\/actualites\/journee-prevention-routiere\/<\/a><\/p>\n\n\n\n<p>Nous vous souhaitons bonne r\u00e9ception et nous vous remercions par avance.<\/p>\n\n\n\n<p>Bien cordialement<\/p>\n\n\n\n<p>L&rsquo;\u00e9quipe France Services Itin\u00e9rant<\/p>\n\n\n\n<figure class=\"wp-block-table\"><table><tbody><tr><td><img loading=\"lazy\" decoding=\"async\" width=\"141\" height=\"110\" src=\"https:\/\/ci4.googleusercontent.com\/proxy\/J1zjUc51N1ZrVhAI9aEOUEQi7WQVuU241jsEUJ3LbSIqlYYUaPObnM39M-xBGQsl4Tm7Pgau2mSPl9wK1WlX6RNvvm94=s0-d-e1-ft#https:\/\/www.ccals.fr\/medias\/2021\/12\/CCALS-CMJN.png\"><strong><br><a rel=\"noreferrer noopener\" href=\"http:\/\/www.ccals.fr\/\" target=\"_blank\">www.ccals.fr<\/a><\/strong><\/td><\/tr><tr><td>&nbsp;<\/td><\/tr><tr><td><strong>Si\u00e8ge social : 103 rue Charles Darwin &#8211; BP 70004 &#8211; 49125 Tierc\u00e9<\/strong><\/td><\/tr><\/tbody><\/table><\/figure>\n","protected":false},"excerpt":{"rendered":"<p>Dans le cadre des Journ\u00e9es Portes Ouvertes France Services et de la semaine bleue, le planning du France Services Itin\u00e9rant se trouve interrompu. En effet, diff\u00e9rentes actions sont pr\u00e9vues en <a class=\"more-link\" href=\"https:\/\/montreuilsloir.fr\/index.php\/2023\/10\/02\/interruption-des-permanences-du-france-services-itinerant-lors-des-journees-portes-ouvertes-france-services-et-de-la-semaine-bleu\/\">Lire plus &#8230;<\/a><\/p>\n","protected":false},"author":3,"featured_media":0,"comment_status":"closed","ping_status":"closed","sticky":false,"template":"","format":"standard","meta":{"footnotes":""},"categories":[12],"tags":[],"class_list":["post-3486","post","type-post","status-publish","format-standard","hentry","category-actualite"],"_links":{"self":[{"href":"https:\/\/montreuilsloir.fr\/index.php\/wp-json\/wp\/v2\/posts\/3486","targetHints":{"allow":["GET"]}}],"collection":[{"href":"https:\/\/montreuilsloir.fr\/index.php\/wp-json\/wp\/v2\/posts"}],"about":[{"href":"https:\/\/montreuilsloir.fr\/index.php\/wp-json\/wp\/v2\/types\/post"}],"author":[{"embeddable":true,"href":"https:\/\/montreuilsloir.fr\/index.php\/wp-json\/wp\/v2\/users\/3"}],"replies":[{"embeddable":true,"href":"https:\/\/montreuilsloir.fr\/index.php\/wp-json\/wp\/v2\/comments?post=3486"}],"version-history":[{"count":1,"href":"https:\/\/montreuilsloir.fr\/index.php\/wp-json\/wp\/v2\/posts\/3486\/revisions"}],"predecessor-version":[{"id":3487,"href":"https:\/\/montreuilsloir.fr\/index.php\/wp-json\/wp\/v2\/posts\/3486\/revisions\/3487"}],"wp:attachment":[{"href":"https:\/\/montreuilsloir.fr\/index.php\/wp-json\/wp\/v2\/media?parent=3486"}],"wp:term":[{"taxonomy":"category","embeddable":true,"href":"https:\/\/montreuilsloir.fr\/index.php\/wp-json\/wp\/v2\/categories?post=3486"},{"taxonomy":"post_tag","embeddable":true,"href":"https:\/\/montreuilsloir.fr\/index.php\/wp-json\/wp\/v2\/tags?post=3486"}],"curies":[{"name":"wp","href":"https:\/\/api.w.org\/{rel}","templated":true}]}}