{"id":3383,"date":"2023-08-26T16:58:40","date_gmt":"2023-08-26T14:58:40","guid":{"rendered":"https:\/\/montreuilsloir.fr\/?p=3383"},"modified":"2023-08-26T17:37:12","modified_gmt":"2023-08-26T15:37:12","slug":"reunion-publique-dinformation-sur-les-travaux-du-centre-bourg","status":"publish","type":"post","link":"https:\/\/montreuilsloir.fr\/index.php\/2023\/08\/26\/reunion-publique-dinformation-sur-les-travaux-du-centre-bourg\/","title":{"rendered":"R\u00e9union publique d&rsquo;information sur les travaux du centre bourg"},"content":{"rendered":"\n<p>Nous vous rappelons qu&rsquo;une r\u00e9union publique aura lieu le <strong>Jeudi 31 Ao\u00fbt 2023 \u00e0 19h00<\/strong>, \u00e0 la salle communale, afin de pr\u00e9senter les travaux d\u2019am\u00e9nagement de la travers\u00e9e du bourg et de la place de l\u2019\u00e9glise. Ces travaux devraient commencer d\u00e8s le d\u00e9but du mois de septembre 2023.&nbsp;<\/p>\n\n\n\n<p>Pour consulter<a rel=\"noreferrer noopener\" href=\"https:\/\/montreuilsloir.fr\/wp-content\/uploads\/2023\/08\/Plan-densemble.pdf\" target=\"_blank\"> le plan d&rsquo;ensemble<\/a> et le<a href=\"https:\/\/montreuilsloir.fr\/wp-content\/uploads\/2023\/08\/Plan-de-la-place.pdf\" target=\"_blank\" rel=\"noreferrer noopener\"> plan de la place<\/a>, cliquez sur les liens.<\/p>\n\n\n\n<p>Comptant sur votre pr\u00e9sence.<\/p>\n","protected":false},"excerpt":{"rendered":"<p>Nous vous rappelons qu&rsquo;une r\u00e9union publique aura lieu le Jeudi 31 Ao\u00fbt 2023 \u00e0 19h00, \u00e0 la salle communale, afin de pr\u00e9senter les travaux d\u2019am\u00e9nagement de la travers\u00e9e du bourg <a class=\"more-link\" href=\"https:\/\/montreuilsloir.fr\/index.php\/2023\/08\/26\/reunion-publique-dinformation-sur-les-travaux-du-centre-bourg\/\">Lire plus &#8230;<\/a><\/p>\n","protected":false},"author":3,"featured_media":0,"comment_status":"closed","ping_status":"closed","sticky":false,"template":"","format":"standard","meta":{"footnotes":""},"categories":[12],"tags":[],"class_list":["post-3383","post","type-post","status-publish","format-standard","hentry","category-actualite"],"_links":{"self":[{"href":"https:\/\/montreuilsloir.fr\/index.php\/wp-json\/wp\/v2\/posts\/3383","targetHints":{"allow":["GET"]}}],"collection":[{"href":"https:\/\/montreuilsloir.fr\/index.php\/wp-json\/wp\/v2\/posts"}],"about":[{"href":"https:\/\/montreuilsloir.fr\/index.php\/wp-json\/wp\/v2\/types\/post"}],"author":[{"embeddable":true,"href":"https:\/\/montreuilsloir.fr\/index.php\/wp-json\/wp\/v2\/users\/3"}],"replies":[{"embeddable":true,"href":"https:\/\/montreuilsloir.fr\/index.php\/wp-json\/wp\/v2\/comments?post=3383"}],"version-history":[{"count":5,"href":"https:\/\/montreuilsloir.fr\/index.php\/wp-json\/wp\/v2\/posts\/3383\/revisions"}],"predecessor-version":[{"id":3394,"href":"https:\/\/montreuilsloir.fr\/index.php\/wp-json\/wp\/v2\/posts\/3383\/revisions\/3394"}],"wp:attachment":[{"href":"https:\/\/montreuilsloir.fr\/index.php\/wp-json\/wp\/v2\/media?parent=3383"}],"wp:term":[{"taxonomy":"category","embeddable":true,"href":"https:\/\/montreuilsloir.fr\/index.php\/wp-json\/wp\/v2\/categories?post=3383"},{"taxonomy":"post_tag","embeddable":true,"href":"https:\/\/montreuilsloir.fr\/index.php\/wp-json\/wp\/v2\/tags?post=3383"}],"curies":[{"name":"wp","href":"https:\/\/api.w.org\/{rel}","templated":true}]}}