{"id":3358,"date":"2023-07-17T08:18:22","date_gmt":"2023-07-17T06:18:22","guid":{"rendered":"https:\/\/montreuilsloir.fr\/?p=3358"},"modified":"2023-07-17T08:18:23","modified_gmt":"2023-07-17T06:18:23","slug":"perdu-lunettes-de-vue","status":"publish","type":"post","link":"https:\/\/montreuilsloir.fr\/index.php\/2023\/07\/17\/perdu-lunettes-de-vue\/","title":{"rendered":"Perdu lunettes de vue"},"content":{"rendered":"\n<p><\/p>\n\n\n\n<p>Il a \u00e9t\u00e9 perdu \u00e0 moto, le samedi 15 Juillet, un \u00e9tui \u00e0 lunettes rouge avec une paire de lunettes de vue bleue \u00e0 l&rsquo;int\u00e9rieur, si vous le retrouver, pouvez vous s&rsquo;il vous plait le d\u00e9poser \u00e0 la mairie.<\/p>\n\n\n\n<p>Merci d&rsquo;avance.<\/p>\n","protected":false},"excerpt":{"rendered":"<p>Il a \u00e9t\u00e9 perdu \u00e0 moto, le samedi 15 Juillet, un \u00e9tui \u00e0 lunettes rouge avec une paire de lunettes de vue bleue \u00e0 l&rsquo;int\u00e9rieur, si vous le retrouver, pouvez <a class=\"more-link\" href=\"https:\/\/montreuilsloir.fr\/index.php\/2023\/07\/17\/perdu-lunettes-de-vue\/\">Lire plus &#8230;<\/a><\/p>\n","protected":false},"author":3,"featured_media":0,"comment_status":"closed","ping_status":"closed","sticky":false,"template":"","format":"standard","meta":{"footnotes":""},"categories":[12],"tags":[],"class_list":["post-3358","post","type-post","status-publish","format-standard","hentry","category-actualite"],"_links":{"self":[{"href":"https:\/\/montreuilsloir.fr\/index.php\/wp-json\/wp\/v2\/posts\/3358","targetHints":{"allow":["GET"]}}],"collection":[{"href":"https:\/\/montreuilsloir.fr\/index.php\/wp-json\/wp\/v2\/posts"}],"about":[{"href":"https:\/\/montreuilsloir.fr\/index.php\/wp-json\/wp\/v2\/types\/post"}],"author":[{"embeddable":true,"href":"https:\/\/montreuilsloir.fr\/index.php\/wp-json\/wp\/v2\/users\/3"}],"replies":[{"embeddable":true,"href":"https:\/\/montreuilsloir.fr\/index.php\/wp-json\/wp\/v2\/comments?post=3358"}],"version-history":[{"count":1,"href":"https:\/\/montreuilsloir.fr\/index.php\/wp-json\/wp\/v2\/posts\/3358\/revisions"}],"predecessor-version":[{"id":3359,"href":"https:\/\/montreuilsloir.fr\/index.php\/wp-json\/wp\/v2\/posts\/3358\/revisions\/3359"}],"wp:attachment":[{"href":"https:\/\/montreuilsloir.fr\/index.php\/wp-json\/wp\/v2\/media?parent=3358"}],"wp:term":[{"taxonomy":"category","embeddable":true,"href":"https:\/\/montreuilsloir.fr\/index.php\/wp-json\/wp\/v2\/categories?post=3358"},{"taxonomy":"post_tag","embeddable":true,"href":"https:\/\/montreuilsloir.fr\/index.php\/wp-json\/wp\/v2\/tags?post=3358"}],"curies":[{"name":"wp","href":"https:\/\/api.w.org\/{rel}","templated":true}]}}