{"id":3337,"date":"2023-07-03T09:20:13","date_gmt":"2023-07-03T07:20:13","guid":{"rendered":"https:\/\/montreuilsloir.fr\/?p=3337"},"modified":"2023-07-03T09:21:37","modified_gmt":"2023-07-03T07:21:37","slug":"film-sensibles","status":"publish","type":"post","link":"https:\/\/montreuilsloir.fr\/index.php\/2023\/07\/03\/film-sensibles\/","title":{"rendered":"Film \u00ab\u00a0Sensibles\u00a0\u00bb"},"content":{"rendered":"\n<p><\/p>\n\n\n\n<p>La projection du film \u00ab\u00a0Sensibles\u00a0\u00bb sur les Espaces Naturels au c\u0153ur  de l&rsquo;Anjou, aura lieu le <strong>Vendredi 25 Ao\u00fbt 2023 \u00e0 20h00<\/strong> \u00e0 la salle communale de Montreuil sur Loir.<\/p>\n\n\n\n<div class=\"wp-block-file\"><a id=\"wp-block-file--media-ab37365f-926c-4b5c-a725-61d4808d8e57\" href=\"https:\/\/montreuilsloir.fr\/wp-content\/uploads\/2023\/07\/AD-BANDEAU-TITRE-COCO-PROD-22022023.jpg\">AD BANDEAU TITRE COCO PROD 22022023<\/a><a href=\"https:\/\/montreuilsloir.fr\/wp-content\/uploads\/2023\/07\/AD-BANDEAU-TITRE-COCO-PROD-22022023.jpg\" class=\"wp-block-file__button wp-element-button\" download aria-describedby=\"wp-block-file--media-ab37365f-926c-4b5c-a725-61d4808d8e57\">T\u00e9l\u00e9charger<\/a><\/div>\n","protected":false},"excerpt":{"rendered":"<p>La projection du film \u00ab\u00a0Sensibles\u00a0\u00bb sur les Espaces Naturels au c\u0153ur de l&rsquo;Anjou, aura lieu le Vendredi 25 Ao\u00fbt 2023 \u00e0 20h00 \u00e0 la salle communale de Montreuil sur Loir.<\/p>\n","protected":false},"author":3,"featured_media":0,"comment_status":"closed","ping_status":"closed","sticky":false,"template":"","format":"standard","meta":{"footnotes":""},"categories":[12],"tags":[],"class_list":["post-3337","post","type-post","status-publish","format-standard","hentry","category-actualite"],"_links":{"self":[{"href":"https:\/\/montreuilsloir.fr\/index.php\/wp-json\/wp\/v2\/posts\/3337","targetHints":{"allow":["GET"]}}],"collection":[{"href":"https:\/\/montreuilsloir.fr\/index.php\/wp-json\/wp\/v2\/posts"}],"about":[{"href":"https:\/\/montreuilsloir.fr\/index.php\/wp-json\/wp\/v2\/types\/post"}],"author":[{"embeddable":true,"href":"https:\/\/montreuilsloir.fr\/index.php\/wp-json\/wp\/v2\/users\/3"}],"replies":[{"embeddable":true,"href":"https:\/\/montreuilsloir.fr\/index.php\/wp-json\/wp\/v2\/comments?post=3337"}],"version-history":[{"count":2,"href":"https:\/\/montreuilsloir.fr\/index.php\/wp-json\/wp\/v2\/posts\/3337\/revisions"}],"predecessor-version":[{"id":3339,"href":"https:\/\/montreuilsloir.fr\/index.php\/wp-json\/wp\/v2\/posts\/3337\/revisions\/3339"}],"wp:attachment":[{"href":"https:\/\/montreuilsloir.fr\/index.php\/wp-json\/wp\/v2\/media?parent=3337"}],"wp:term":[{"taxonomy":"category","embeddable":true,"href":"https:\/\/montreuilsloir.fr\/index.php\/wp-json\/wp\/v2\/categories?post=3337"},{"taxonomy":"post_tag","embeddable":true,"href":"https:\/\/montreuilsloir.fr\/index.php\/wp-json\/wp\/v2\/tags?post=3337"}],"curies":[{"name":"wp","href":"https:\/\/api.w.org\/{rel}","templated":true}]}}