{"id":2995,"date":"2022-11-17T14:43:17","date_gmt":"2022-11-17T13:43:17","guid":{"rendered":"https:\/\/montreuilsloir.fr\/?p=2995"},"modified":"2022-11-17T14:45:52","modified_gmt":"2022-11-17T13:45:52","slug":"vente-de-legumes","status":"publish","type":"post","link":"https:\/\/montreuilsloir.fr\/index.php\/2022\/11\/17\/vente-de-legumes\/","title":{"rendered":"Vente de L\u00e9gumes"},"content":{"rendered":"\n<p><\/p>\n\n\n\n<p>Monsieur Patrick JORRE de Barac\u00e9, tiendra un \u00e9tal de fruits et l\u00e9gumes \u00e0 partir du Vendredi 18 Novembre sur la place de l\u2019\u00e9glise \u00e0 partir de 16 h.<\/p>\n\n\n\n<p>Merci de lui r\u00e9server le meilleur accueil \u2026.<\/p>\n\n\n\n<p><\/p>\n","protected":false},"excerpt":{"rendered":"<p>Monsieur Patrick JORRE de Barac\u00e9, tiendra un \u00e9tal de fruits et l\u00e9gumes \u00e0 partir du Vendredi 18 Novembre sur la place de l\u2019\u00e9glise \u00e0 partir de 16 h. Merci de <a class=\"more-link\" href=\"https:\/\/montreuilsloir.fr\/index.php\/2022\/11\/17\/vente-de-legumes\/\">Lire plus &#8230;<\/a><\/p>\n","protected":false},"author":3,"featured_media":0,"comment_status":"closed","ping_status":"closed","sticky":false,"template":"","format":"standard","meta":{"footnotes":""},"categories":[12],"tags":[],"class_list":["post-2995","post","type-post","status-publish","format-standard","hentry","category-actualite"],"_links":{"self":[{"href":"https:\/\/montreuilsloir.fr\/index.php\/wp-json\/wp\/v2\/posts\/2995","targetHints":{"allow":["GET"]}}],"collection":[{"href":"https:\/\/montreuilsloir.fr\/index.php\/wp-json\/wp\/v2\/posts"}],"about":[{"href":"https:\/\/montreuilsloir.fr\/index.php\/wp-json\/wp\/v2\/types\/post"}],"author":[{"embeddable":true,"href":"https:\/\/montreuilsloir.fr\/index.php\/wp-json\/wp\/v2\/users\/3"}],"replies":[{"embeddable":true,"href":"https:\/\/montreuilsloir.fr\/index.php\/wp-json\/wp\/v2\/comments?post=2995"}],"version-history":[{"count":2,"href":"https:\/\/montreuilsloir.fr\/index.php\/wp-json\/wp\/v2\/posts\/2995\/revisions"}],"predecessor-version":[{"id":2997,"href":"https:\/\/montreuilsloir.fr\/index.php\/wp-json\/wp\/v2\/posts\/2995\/revisions\/2997"}],"wp:attachment":[{"href":"https:\/\/montreuilsloir.fr\/index.php\/wp-json\/wp\/v2\/media?parent=2995"}],"wp:term":[{"taxonomy":"category","embeddable":true,"href":"https:\/\/montreuilsloir.fr\/index.php\/wp-json\/wp\/v2\/categories?post=2995"},{"taxonomy":"post_tag","embeddable":true,"href":"https:\/\/montreuilsloir.fr\/index.php\/wp-json\/wp\/v2\/tags?post=2995"}],"curies":[{"name":"wp","href":"https:\/\/api.w.org\/{rel}","templated":true}]}}