{"id":2827,"date":"2022-08-20T06:51:36","date_gmt":"2022-08-20T04:51:36","guid":{"rendered":"https:\/\/montreuilsloir.fr\/?p=2827"},"modified":"2022-08-20T06:51:37","modified_gmt":"2022-08-20T04:51:37","slug":"vide-grenier-le-4-septembre-2022","status":"publish","type":"post","link":"https:\/\/montreuilsloir.fr\/index.php\/2022\/08\/20\/vide-grenier-le-4-septembre-2022\/","title":{"rendered":"Vide-grenier le 4 septembre 2022."},"content":{"rendered":"\n<p><br>L\u2019association Au fil du Loir organise , \u00e0 l\u2019occasion de la f\u00eate communale, son vide-grenier annuel.<br>Celui-ci aura lieu sur le site des Bretonnieres entre Montreuil et Seiches de 8h \u00e0 18h00.<br>L\u2019accueil des exposants se fera de 6 \u00e0 8h00.<br>Tarif : 2\u20ac le m\u00e8tre<br>Renseignements et inscriptions :<br>Nedey Jean-Louis 0688145129<br>Ch\u00e2telain Damien 0609044691<br>Ou jeanlouis.nedey@<a rel=\"noreferrer noopener\" href=\"http:\/\/gmail.com\/\" target=\"_blank\">gmail.com<\/a><\/p>\n\n\n\n<p>Copie recto-verso de la pi\u00e8ce d\u2019identit\u00e9 et ch\u00e8que \u00e0 l\u2019ordre de : Au fil du Loir<\/p>\n\n\n\n<p>Buvette , restauration et toilettes sur place.<\/p>\n","protected":false},"excerpt":{"rendered":"<p>L\u2019association Au fil du Loir organise , \u00e0 l\u2019occasion de la f\u00eate communale, son vide-grenier annuel.Celui-ci aura lieu sur le site des Bretonnieres entre Montreuil et Seiches de 8h \u00e0 <a class=\"more-link\" href=\"https:\/\/montreuilsloir.fr\/index.php\/2022\/08\/20\/vide-grenier-le-4-septembre-2022\/\">Lire plus &#8230;<\/a><\/p>\n","protected":false},"author":3,"featured_media":0,"comment_status":"closed","ping_status":"closed","sticky":false,"template":"","format":"standard","meta":{"footnotes":""},"categories":[12],"tags":[],"class_list":["post-2827","post","type-post","status-publish","format-standard","hentry","category-actualite"],"_links":{"self":[{"href":"https:\/\/montreuilsloir.fr\/index.php\/wp-json\/wp\/v2\/posts\/2827","targetHints":{"allow":["GET"]}}],"collection":[{"href":"https:\/\/montreuilsloir.fr\/index.php\/wp-json\/wp\/v2\/posts"}],"about":[{"href":"https:\/\/montreuilsloir.fr\/index.php\/wp-json\/wp\/v2\/types\/post"}],"author":[{"embeddable":true,"href":"https:\/\/montreuilsloir.fr\/index.php\/wp-json\/wp\/v2\/users\/3"}],"replies":[{"embeddable":true,"href":"https:\/\/montreuilsloir.fr\/index.php\/wp-json\/wp\/v2\/comments?post=2827"}],"version-history":[{"count":1,"href":"https:\/\/montreuilsloir.fr\/index.php\/wp-json\/wp\/v2\/posts\/2827\/revisions"}],"predecessor-version":[{"id":2828,"href":"https:\/\/montreuilsloir.fr\/index.php\/wp-json\/wp\/v2\/posts\/2827\/revisions\/2828"}],"wp:attachment":[{"href":"https:\/\/montreuilsloir.fr\/index.php\/wp-json\/wp\/v2\/media?parent=2827"}],"wp:term":[{"taxonomy":"category","embeddable":true,"href":"https:\/\/montreuilsloir.fr\/index.php\/wp-json\/wp\/v2\/categories?post=2827"},{"taxonomy":"post_tag","embeddable":true,"href":"https:\/\/montreuilsloir.fr\/index.php\/wp-json\/wp\/v2\/tags?post=2827"}],"curies":[{"name":"wp","href":"https:\/\/api.w.org\/{rel}","templated":true}]}}