{"id":2323,"date":"2021-09-26T14:03:34","date_gmt":"2021-09-26T12:03:34","guid":{"rendered":"https:\/\/montreuilsloir.fr\/?p=2323"},"modified":"2021-09-26T14:03:38","modified_gmt":"2021-09-26T12:03:38","slug":"nouveaux-horaires-de-la-bibliotheque","status":"publish","type":"post","link":"https:\/\/montreuilsloir.fr\/index.php\/2021\/09\/26\/nouveaux-horaires-de-la-bibliotheque\/","title":{"rendered":"Nouveaux horaires de la biblioth\u00e8que"},"content":{"rendered":"\n<p>Les horaires d&rsquo;ouverture de la biblioth\u00e8que sont d\u00e9sormais les suivants pour la matin\u00e9e du samedi : 10h30 &#8211; 12h30.<\/p>\n\n\n\n<p>Les horaires du mercredi restent inchang\u00e9s : 17h &#8211; 19h<\/p>\n","protected":false},"excerpt":{"rendered":"<p>Les horaires d&rsquo;ouverture de la biblioth\u00e8que sont d\u00e9sormais les suivants pour la matin\u00e9e du samedi : 10h30 &#8211; 12h30. Les horaires du mercredi restent inchang\u00e9s : 17h &#8211; 19h<\/p>\n","protected":false},"author":3,"featured_media":0,"comment_status":"closed","ping_status":"closed","sticky":false,"template":"","format":"standard","meta":{"footnotes":""},"categories":[12],"tags":[],"class_list":["post-2323","post","type-post","status-publish","format-standard","hentry","category-actualite"],"_links":{"self":[{"href":"https:\/\/montreuilsloir.fr\/index.php\/wp-json\/wp\/v2\/posts\/2323","targetHints":{"allow":["GET"]}}],"collection":[{"href":"https:\/\/montreuilsloir.fr\/index.php\/wp-json\/wp\/v2\/posts"}],"about":[{"href":"https:\/\/montreuilsloir.fr\/index.php\/wp-json\/wp\/v2\/types\/post"}],"author":[{"embeddable":true,"href":"https:\/\/montreuilsloir.fr\/index.php\/wp-json\/wp\/v2\/users\/3"}],"replies":[{"embeddable":true,"href":"https:\/\/montreuilsloir.fr\/index.php\/wp-json\/wp\/v2\/comments?post=2323"}],"version-history":[{"count":1,"href":"https:\/\/montreuilsloir.fr\/index.php\/wp-json\/wp\/v2\/posts\/2323\/revisions"}],"predecessor-version":[{"id":2324,"href":"https:\/\/montreuilsloir.fr\/index.php\/wp-json\/wp\/v2\/posts\/2323\/revisions\/2324"}],"wp:attachment":[{"href":"https:\/\/montreuilsloir.fr\/index.php\/wp-json\/wp\/v2\/media?parent=2323"}],"wp:term":[{"taxonomy":"category","embeddable":true,"href":"https:\/\/montreuilsloir.fr\/index.php\/wp-json\/wp\/v2\/categories?post=2323"},{"taxonomy":"post_tag","embeddable":true,"href":"https:\/\/montreuilsloir.fr\/index.php\/wp-json\/wp\/v2\/tags?post=2323"}],"curies":[{"name":"wp","href":"https:\/\/api.w.org\/{rel}","templated":true}]}}