{"id":2041,"date":"2021-02-23T13:26:38","date_gmt":"2021-02-23T12:26:38","guid":{"rendered":"http:\/\/montreuilsloir.fr\/?p=2041"},"modified":"2021-02-23T13:26:40","modified_gmt":"2021-02-23T12:26:40","slug":"travaux-chemin-des-hauts-le-24-02","status":"publish","type":"post","link":"https:\/\/montreuilsloir.fr\/index.php\/2021\/02\/23\/travaux-chemin-des-hauts-le-24-02\/","title":{"rendered":"Travaux Chemin des Hauts le 24\/02"},"content":{"rendered":"\n<p>En raison des travaux relatifs \u00e0 l&rsquo;\u00e9coulement des eaux de pluie, le chemin des Hauts sera ferm\u00e9 \u00e0 la circulation le Mercredi 24 F\u00e9vrier de 9 h \u00e0 17 h.<br>La route sera notamment coup\u00e9e au niveau des num\u00e9ros 17 \u00e0 21.<\/p>\n","protected":false},"excerpt":{"rendered":"<p>En raison des travaux relatifs \u00e0 l&rsquo;\u00e9coulement des eaux de pluie, le chemin des Hauts sera ferm\u00e9 \u00e0 la circulation le Mercredi 24 F\u00e9vrier de 9 h \u00e0 17 h.La <a class=\"more-link\" href=\"https:\/\/montreuilsloir.fr\/index.php\/2021\/02\/23\/travaux-chemin-des-hauts-le-24-02\/\">Lire plus &#8230;<\/a><\/p>\n","protected":false},"author":3,"featured_media":0,"comment_status":"closed","ping_status":"closed","sticky":false,"template":"","format":"standard","meta":{"footnotes":""},"categories":[12],"tags":[],"class_list":["post-2041","post","type-post","status-publish","format-standard","hentry","category-actualite"],"_links":{"self":[{"href":"https:\/\/montreuilsloir.fr\/index.php\/wp-json\/wp\/v2\/posts\/2041","targetHints":{"allow":["GET"]}}],"collection":[{"href":"https:\/\/montreuilsloir.fr\/index.php\/wp-json\/wp\/v2\/posts"}],"about":[{"href":"https:\/\/montreuilsloir.fr\/index.php\/wp-json\/wp\/v2\/types\/post"}],"author":[{"embeddable":true,"href":"https:\/\/montreuilsloir.fr\/index.php\/wp-json\/wp\/v2\/users\/3"}],"replies":[{"embeddable":true,"href":"https:\/\/montreuilsloir.fr\/index.php\/wp-json\/wp\/v2\/comments?post=2041"}],"version-history":[{"count":1,"href":"https:\/\/montreuilsloir.fr\/index.php\/wp-json\/wp\/v2\/posts\/2041\/revisions"}],"predecessor-version":[{"id":2042,"href":"https:\/\/montreuilsloir.fr\/index.php\/wp-json\/wp\/v2\/posts\/2041\/revisions\/2042"}],"wp:attachment":[{"href":"https:\/\/montreuilsloir.fr\/index.php\/wp-json\/wp\/v2\/media?parent=2041"}],"wp:term":[{"taxonomy":"category","embeddable":true,"href":"https:\/\/montreuilsloir.fr\/index.php\/wp-json\/wp\/v2\/categories?post=2041"},{"taxonomy":"post_tag","embeddable":true,"href":"https:\/\/montreuilsloir.fr\/index.php\/wp-json\/wp\/v2\/tags?post=2041"}],"curies":[{"name":"wp","href":"https:\/\/api.w.org\/{rel}","templated":true}]}}