{"id":1687,"date":"2020-08-19T08:52:48","date_gmt":"2020-08-19T06:52:48","guid":{"rendered":"http:\/\/montreuilsloir.fr\/?p=1687"},"modified":"2020-08-19T09:00:27","modified_gmt":"2020-08-19T07:00:27","slug":"actualite-du-sictom-loir-et-sarthe","status":"publish","type":"post","link":"https:\/\/montreuilsloir.fr\/index.php\/2020\/08\/19\/actualite-du-sictom-loir-et-sarthe\/","title":{"rendered":"Informations sur les services du SICTOM Loir-et-Sarthe"},"content":{"rendered":"\n<p>Voici quelques informations relatives aux services propos\u00e9s par le SICTOM Loir-et-Sarthe.<\/p>\n\n\n\n<p>Sur le<a rel=\"noreferrer noopener\" href=\"http:\/\/www.sictomls.fr\" target=\"_blank\"> site Internet<\/a>, les usagers pourront retrouver\u00a0:<\/p>\n\n\n\n<p>Toutes les publications relatives \u00e0 la <strong>collecte<\/strong>, au <strong>tri<\/strong> et aux <strong>d\u00e9ch\u00e8teries<\/strong>, dont notamment\u00a0:<\/p>\n\n\n\n<ul class=\"wp-block-list\"><li>Le <a rel=\"noreferrer noopener\" href=\"http:\/\/www.sictomls.fr\/media\/reglement_de_service.pdf\" target=\"_blank\">r\u00e8glement du service d\u00e9chets<\/a><\/li><li>Le <a rel=\"noreferrer noopener\" href=\"http:\/\/www.sictomls.fr\/media\/memo_tri.pdf\" target=\"_blank\">m\u00e9mo tri<\/a><\/li><li>Le <a rel=\"noreferrer noopener\" href=\"http:\/\/www.sictomls.fr\/media\/calendrier_de_collecte_2020_1.pdf\" target=\"_blank\">calendrier de collecte 2020<\/a><\/li><li>La <a rel=\"noreferrer noopener\" href=\"http:\/\/www.sictomls.fr\/media\/lettre_nouveaux_arrivants.pdf\" target=\"_blank\">lettre aux nouveaux arrivants<\/a><\/li><li>Le <a rel=\"noreferrer noopener\" href=\"http:\/\/www.sictomls.fr\/media\/puissance_tri_n6.pdf\" target=\"_blank\">magazine Puissance Tri<\/a>\u2026<\/li><\/ul>\n\n\n\n<p>Les <strong>conventions de subventions<\/strong> et <strong>proc\u00e9dures<\/strong> suivantes\u00a0:<\/p>\n\n\n\n<ul class=\"wp-block-list\"><li>La <a rel=\"noreferrer noopener\" href=\"http:\/\/www.sictomls.fr\/media\/procedure_de_depot_de_dechets_d_amiante.pdf\" target=\"_blank\">proc\u00e9dure de d\u00e9p\u00f4t des d\u00e9chets d\u2019amiante<\/a><\/li><li>La <a rel=\"noreferrer noopener\" href=\"http:\/\/www.sictomls.fr\/media\/convention_subvention_d_aide_a_l_achat_de_couches_lavables_particuliers_2020.pdf\" target=\"_blank\">convention d\u2019aide \u00e0 l\u2019achat de couches lavables<\/a> pour les particuliers<\/li><li>La <a rel=\"noreferrer noopener\" href=\"http:\/\/www.sictomls.fr\/media\/convention_subvention_broyeur_a_destination_des_particuliers_2020.pdf\" target=\"_blank\">convention d\u2019aide \u00e0 l\u2019achat d\u2019un broyeur \u00e0 v\u00e9g\u00e9taux<\/a> pour les particuliers<\/li><\/ul>\n\n\n\n<p>Tous ces fichiers, ainsi que les comptes-rendus des comit\u00e9s syndicaux et les rapports annuels sont consultables et t\u00e9l\u00e9chargeables via ce lien&nbsp;: <a href=\"http:\/\/www.sictomls.fr\/le-sictom\/les-publications\/\" target=\"_blank\" rel=\"noreferrer noopener\">http:\/\/www.sictomls.fr\/le-sictom\/les-publications\/<\/a>.<\/p>\n\n\n\n<p>\u00b7 D\u2019autre part, des <strong>formulaires<\/strong> sont en ligne concernant\u00a0:<\/p>\n\n\n\n<ul class=\"wp-block-list\"><li> <a rel=\"noreferrer noopener\" href=\"http:\/\/www.sictomls.fr\/vos-services\/en-pratique\/formulaire-j-emmenage\/\" target=\"_blank\">L\u2019emm\u00e9nagement<\/a> et le <a rel=\"noreferrer noopener\" href=\"http:\/\/www.sictomls.fr\/vos-services\/en-pratique\/formulaire-je-demenage\/\" target=\"_blank\">d\u00e9m\u00e9nagement<\/a> des usagers<\/li><li>Les <a rel=\"noreferrer noopener\" href=\"http:\/\/www.sictomls.fr\/vos-services\/en-pratique\/formulaire-carte-service-dechets\/\" target=\"_blank\">demandes de carte du service d\u00e9chet<\/a><\/li><li>La <a href=\"http:\/\/www.sictomls.fr\/vos-services\/en-pratique\/demander-un-composteur\/\">commande et la livraison <\/a><a rel=\"noreferrer noopener\" href=\"http:\/\/www.sictomls.fr\/vos-services\/en-pratique\/demander-un-composteur\/\" target=\"_blank\">de <\/a><a href=\"http:\/\/www.sictomls.fr\/vos-services\/en-pratique\/demander-un-composteur\/\">composteur<\/a> individuel<\/li><li>Le <a rel=\"noreferrer noopener\" href=\"http:\/\/www.sictomls.fr\/redevance-incitative\/payer-en-ligne\/\" target=\"_blank\">paiement en ligne<\/a> de la redevance incitative<\/li><li>La <a rel=\"noreferrer noopener\" href=\"http:\/\/www.sictomls.fr\/vos-services\/les-decheteries\/formulaire-amiante\/\" target=\"_blank\">collecte de d\u00e9chets amiant\u00e9s<\/a> pour les particuliers<\/li><li>Le <a href=\"https:\/\/docs.google.com\/forms\/d\/e\/1FAIpQLSfqoFCdF218KD0CJhlhIOpZ-qoap1x3VqMUVa_aoWUsJcTxFg\/viewform\">formulaire de pr\u00eat de <\/a><a rel=\"noreferrer noopener\" href=\"https:\/\/docs.google.com\/forms\/d\/e\/1FAIpQLSfqoFCdF218KD0CJhlhIOpZ-qoap1x3VqMUVa_aoWUsJcTxFg\/viewform\" target=\"_blank\">gobelets <\/a><a href=\"https:\/\/docs.google.com\/forms\/d\/e\/1FAIpQLSfqoFCdF218KD0CJhlhIOpZ-qoap1x3VqMUVa_aoWUsJcTxFg\/viewform\">r\u00e9utilisables<\/a> pour les communes ou associations<\/li><li>Ainsi qu\u2019un outil num\u00e9rique pour <a rel=\"noreferrer noopener\" href=\"http:\/\/www.sictomls.fr\/redevance-incitative\/simuler-sa-redevance\/\" target=\"_blank\">simuler sa redevance<\/a>.<\/li><\/ul>\n\n\n\n<p>Le SICTOM met \u00e9galement tout en \u0153uvre pour informer au mieux ses usagers <strong>quotidiennement<\/strong>, par le biais des <a rel=\"noreferrer noopener\" href=\"http:\/\/www.sictomls.fr\/nos-actualites\/\" target=\"_blank\">actualit\u00e9s<\/a> et il propose aussi, du contenu relatif \u00e0 l\u2019<a href=\"http:\/\/www.sictomls.fr\/economie-circulaire\/comprendre-l-economie-circulaire\/\" target=\"_blank\" rel=\"noreferrer noopener\">\u00e9conomie circulaire<\/a> et au <a href=\"http:\/\/www.sictomls.fr\/nos-actualites\/les-gestes-pour-reduire\/\" target=\"_blank\" rel=\"noreferrer noopener\">z\u00e9ro d\u00e9chet<\/a>.<\/p>\n\n\n\n<p><strong>Pour toute autre demande<\/strong>, il est possible de lui \u00e9crire gr\u00e2ce \u00e0 la rubrique \u00ab&nbsp;<a href=\"http:\/\/www.sictomls.fr\/contactez-nous\/\" target=\"_blank\" rel=\"noreferrer noopener\">Contactez-nous&nbsp;<\/a>\u00bb.<\/p>\n\n\n\n<p>Enfin, si vous souhaitez b\u00e9n\u00e9ficier de supports de communication papier \u00e0 distribuer \u00e0 vos usagers (m\u00e9mo tri, calendrier de collecte\u2026), n\u2019h\u00e9sitez pas \u00e0 <strong>en faire la demande<\/strong> au SICTOM.<\/p>\n","protected":false},"excerpt":{"rendered":"<p>Voici quelques informations relatives aux services propos\u00e9s par le SICTOM Loir-et-Sarthe. Sur le site Internet, les usagers pourront retrouver\u00a0: Toutes les publications relatives \u00e0 la collecte, au tri et aux <a class=\"more-link\" href=\"https:\/\/montreuilsloir.fr\/index.php\/2020\/08\/19\/actualite-du-sictom-loir-et-sarthe\/\">Lire plus &#8230;<\/a><\/p>\n","protected":false},"author":3,"featured_media":0,"comment_status":"closed","ping_status":"closed","sticky":false,"template":"","format":"standard","meta":{"footnotes":""},"categories":[12],"tags":[],"class_list":["post-1687","post","type-post","status-publish","format-standard","hentry","category-actualite"],"_links":{"self":[{"href":"https:\/\/montreuilsloir.fr\/index.php\/wp-json\/wp\/v2\/posts\/1687","targetHints":{"allow":["GET"]}}],"collection":[{"href":"https:\/\/montreuilsloir.fr\/index.php\/wp-json\/wp\/v2\/posts"}],"about":[{"href":"https:\/\/montreuilsloir.fr\/index.php\/wp-json\/wp\/v2\/types\/post"}],"author":[{"embeddable":true,"href":"https:\/\/montreuilsloir.fr\/index.php\/wp-json\/wp\/v2\/users\/3"}],"replies":[{"embeddable":true,"href":"https:\/\/montreuilsloir.fr\/index.php\/wp-json\/wp\/v2\/comments?post=1687"}],"version-history":[{"count":4,"href":"https:\/\/montreuilsloir.fr\/index.php\/wp-json\/wp\/v2\/posts\/1687\/revisions"}],"predecessor-version":[{"id":1692,"href":"https:\/\/montreuilsloir.fr\/index.php\/wp-json\/wp\/v2\/posts\/1687\/revisions\/1692"}],"wp:attachment":[{"href":"https:\/\/montreuilsloir.fr\/index.php\/wp-json\/wp\/v2\/media?parent=1687"}],"wp:term":[{"taxonomy":"category","embeddable":true,"href":"https:\/\/montreuilsloir.fr\/index.php\/wp-json\/wp\/v2\/categories?post=1687"},{"taxonomy":"post_tag","embeddable":true,"href":"https:\/\/montreuilsloir.fr\/index.php\/wp-json\/wp\/v2\/tags?post=1687"}],"curies":[{"name":"wp","href":"https:\/\/api.w.org\/{rel}","templated":true}]}}