{"id":1668,"date":"2020-07-08T09:16:22","date_gmt":"2020-07-08T07:16:22","guid":{"rendered":"http:\/\/montreuilsloir.fr\/?p=1668"},"modified":"2020-07-12T13:42:56","modified_gmt":"2020-07-12T11:42:56","slug":"restrictions-a-la-navigation-sur-le-loir","status":"publish","type":"post","link":"https:\/\/montreuilsloir.fr\/index.php\/2020\/07\/08\/restrictions-a-la-navigation-sur-le-loir\/","title":{"rendered":"Restrictions \u00e0 la navigation sur le Loir"},"content":{"rendered":"\n<p>L&rsquo;<a href=\"https:\/\/montreuilsloir.fr\/wp-content\/uploads\/2020\/07\/Avis-\u00e0-la-batellerie.pdf\" target=\"_blank\" rel=\"noreferrer noopener\">avis \u00e0 batellerie du 2 juillet 2020<\/a> accessible par ce lien pr\u00e9cise que la p\u00e9riode des \u00e9courues r\u00e9sultant de l&rsquo;ouverture de l&rsquo;ensemble des barrages sur le Loir dans le d\u00e9partement de Maine-et-Loire aura lieu <strong>du 18 septembre au 20 novembre 2020<\/strong>.<\/p>\n\n\n\n<p>Il est rappel\u00e9 que la navigation est interdite pendant cette p\u00e9riode d&rsquo;\u00e9courues, en amont des ouvrages abaiss\u00e9s.<\/p>\n","protected":false},"excerpt":{"rendered":"<p>L&rsquo;avis \u00e0 batellerie du 2 juillet 2020 accessible par ce lien pr\u00e9cise que la p\u00e9riode des \u00e9courues r\u00e9sultant de l&rsquo;ouverture de l&rsquo;ensemble des barrages sur le Loir dans le d\u00e9partement <a class=\"more-link\" href=\"https:\/\/montreuilsloir.fr\/index.php\/2020\/07\/08\/restrictions-a-la-navigation-sur-le-loir\/\">Lire plus &#8230;<\/a><\/p>\n","protected":false},"author":3,"featured_media":0,"comment_status":"closed","ping_status":"closed","sticky":false,"template":"","format":"standard","meta":{"footnotes":""},"categories":[12],"tags":[],"class_list":["post-1668","post","type-post","status-publish","format-standard","hentry","category-actualite"],"_links":{"self":[{"href":"https:\/\/montreuilsloir.fr\/index.php\/wp-json\/wp\/v2\/posts\/1668","targetHints":{"allow":["GET"]}}],"collection":[{"href":"https:\/\/montreuilsloir.fr\/index.php\/wp-json\/wp\/v2\/posts"}],"about":[{"href":"https:\/\/montreuilsloir.fr\/index.php\/wp-json\/wp\/v2\/types\/post"}],"author":[{"embeddable":true,"href":"https:\/\/montreuilsloir.fr\/index.php\/wp-json\/wp\/v2\/users\/3"}],"replies":[{"embeddable":true,"href":"https:\/\/montreuilsloir.fr\/index.php\/wp-json\/wp\/v2\/comments?post=1668"}],"version-history":[{"count":2,"href":"https:\/\/montreuilsloir.fr\/index.php\/wp-json\/wp\/v2\/posts\/1668\/revisions"}],"predecessor-version":[{"id":1670,"href":"https:\/\/montreuilsloir.fr\/index.php\/wp-json\/wp\/v2\/posts\/1668\/revisions\/1670"}],"wp:attachment":[{"href":"https:\/\/montreuilsloir.fr\/index.php\/wp-json\/wp\/v2\/media?parent=1668"}],"wp:term":[{"taxonomy":"category","embeddable":true,"href":"https:\/\/montreuilsloir.fr\/index.php\/wp-json\/wp\/v2\/categories?post=1668"},{"taxonomy":"post_tag","embeddable":true,"href":"https:\/\/montreuilsloir.fr\/index.php\/wp-json\/wp\/v2\/tags?post=1668"}],"curies":[{"name":"wp","href":"https:\/\/api.w.org\/{rel}","templated":true}]}}