{"id":1665,"date":"2020-07-08T09:08:20","date_gmt":"2020-07-08T07:08:20","guid":{"rendered":"http:\/\/montreuilsloir.fr\/?p=1665"},"modified":"2020-07-12T13:41:06","modified_gmt":"2020-07-12T11:41:06","slug":"nouveaux-horaires-douverture-de-la-mairie-a-compter-du-10-aout-2020","status":"publish","type":"post","link":"https:\/\/montreuilsloir.fr\/index.php\/2020\/07\/08\/nouveaux-horaires-douverture-de-la-mairie-a-compter-du-10-aout-2020\/","title":{"rendered":"Nouveaux horaires d&rsquo;ouverture de la mairie \u00e0 compter du 10 ao\u00fbt 2020"},"content":{"rendered":"\n<ul class=\"wp-block-list\"><li>Le mardi et le jeudi de 9h00 \u00e0 12h00 et de 13h00 \u00e0 17h30<\/li><li>Les 1e et 3\u00e8me samedi du mois de 9h00 \u00e0 12h00<\/li><\/ul>\n\n\n\n<p>Permanences des \u00e9lus sur rendez-vous :<\/p>\n\n\n\n<ul class=\"wp-block-list\"><li>Les 2\u00e8me et 4\u00e8me samedi du mois.<\/li><\/ul>\n\n\n\n<p><\/p>\n","protected":false},"excerpt":{"rendered":"<p>Le mardi et le jeudi de 9h00 \u00e0 12h00 et de 13h00 \u00e0 17h30 Les 1e et 3\u00e8me samedi du mois de 9h00 \u00e0 12h00 Permanences des \u00e9lus sur rendez-vous <a class=\"more-link\" href=\"https:\/\/montreuilsloir.fr\/index.php\/2020\/07\/08\/nouveaux-horaires-douverture-de-la-mairie-a-compter-du-10-aout-2020\/\">Lire plus &#8230;<\/a><\/p>\n","protected":false},"author":3,"featured_media":0,"comment_status":"closed","ping_status":"closed","sticky":false,"template":"","format":"standard","meta":{"footnotes":""},"categories":[12],"tags":[],"class_list":["post-1665","post","type-post","status-publish","format-standard","hentry","category-actualite"],"_links":{"self":[{"href":"https:\/\/montreuilsloir.fr\/index.php\/wp-json\/wp\/v2\/posts\/1665","targetHints":{"allow":["GET"]}}],"collection":[{"href":"https:\/\/montreuilsloir.fr\/index.php\/wp-json\/wp\/v2\/posts"}],"about":[{"href":"https:\/\/montreuilsloir.fr\/index.php\/wp-json\/wp\/v2\/types\/post"}],"author":[{"embeddable":true,"href":"https:\/\/montreuilsloir.fr\/index.php\/wp-json\/wp\/v2\/users\/3"}],"replies":[{"embeddable":true,"href":"https:\/\/montreuilsloir.fr\/index.php\/wp-json\/wp\/v2\/comments?post=1665"}],"version-history":[{"count":1,"href":"https:\/\/montreuilsloir.fr\/index.php\/wp-json\/wp\/v2\/posts\/1665\/revisions"}],"predecessor-version":[{"id":1666,"href":"https:\/\/montreuilsloir.fr\/index.php\/wp-json\/wp\/v2\/posts\/1665\/revisions\/1666"}],"wp:attachment":[{"href":"https:\/\/montreuilsloir.fr\/index.php\/wp-json\/wp\/v2\/media?parent=1665"}],"wp:term":[{"taxonomy":"category","embeddable":true,"href":"https:\/\/montreuilsloir.fr\/index.php\/wp-json\/wp\/v2\/categories?post=1665"},{"taxonomy":"post_tag","embeddable":true,"href":"https:\/\/montreuilsloir.fr\/index.php\/wp-json\/wp\/v2\/tags?post=1665"}],"curies":[{"name":"wp","href":"https:\/\/api.w.org\/{rel}","templated":true}]}}